{"id":33589,"date":"2026-05-03T09:06:42","date_gmt":"2026-05-03T07:06:42","guid":{"rendered":"https:\/\/www.channelafrica.co.za\/channelafrica\/?post_type=news&#038;p=33589"},"modified":"2026-05-03T09:06:42","modified_gmt":"2026-05-03T07:06:42","slug":"sao-tome-and-principe-faces-deepening-power-water-crisis","status":"publish","type":"news","link":"https:\/\/www.channelafrica.co.za\/channelafrica\/news\/sao-tome-and-principe-faces-deepening-power-water-crisis\/","title":{"rendered":"S\u00e3o Tom\u00e9 and Pr\u00edncipe faces deepening power, water crisis"},"content":{"rendered":"<p>S\u00e3o Tom\u00e9 and Pr\u00edncipe is grappling with a prolonged energy and water crisis, as frequent electricity outages and limited access to clean water continue to disrupt daily life, public services and the wider economy.<\/p>\n<p>&nbsp;<\/p>\n<p>The situation has worsened following the suspension of a contract with Tesla STP, amid allegations of unpaid debts and irregularities. Since then, the government has pledged to resolve the crisis, but many of those promises have yet to materialise.<\/p>\n<p>&nbsp;<\/p>\n<p>Residents have been left struggling with unreliable power and water supplies, placing additional pressure on households and businesses already dealing with economic challenges.<\/p>\n<p>&nbsp;<\/p>\n<p>The growing frustration has led to an increase in public protests, raising concerns about the government\u2019s ability to respond effectively and restore essential services.<\/p>\n<p>&nbsp;<\/p>\n<p>Political analyst Liberato Moniz says the crisis reflects deeper structural issues, including governance challenges and long-standing weaknesses in infrastructure.<\/p>\n<p>&nbsp;<\/p>\n<p>&#8211;ChannelAfrica&#8211;<\/p>\n","protected":false},"featured_media":14342,"template":"","meta":{"_acf_changed":false},"news-type":[26],"class_list":["post-33589","news","type-news","status-publish","has-post-thumbnail","hentry","news-type-general_news","entry"],"acf":{"short_description":"S\u00e3o Tom\u00e9 and Pr\u00edncipe is grappling with a prolonged energy and water crisis","published_date":"2026-05-03 08:23:05","news_description":"S\u00e3o Tom\u00e9 and Pr\u00edncipe is grappling with a prolonged energy and water crisis","form_embed":"","author":"","image_caption":""},"_links":{"self":[{"href":"https:\/\/www.channelafrica.co.za\/channelafrica\/wp-json\/wp\/v2\/news\/33589","targetHints":{"allow":["GET"]}}],"collection":[{"href":"https:\/\/www.channelafrica.co.za\/channelafrica\/wp-json\/wp\/v2\/news"}],"about":[{"href":"https:\/\/www.channelafrica.co.za\/channelafrica\/wp-json\/wp\/v2\/types\/news"}],"version-history":[{"count":1,"href":"https:\/\/www.channelafrica.co.za\/channelafrica\/wp-json\/wp\/v2\/news\/33589\/revisions"}],"predecessor-version":[{"id":33590,"href":"https:\/\/www.channelafrica.co.za\/channelafrica\/wp-json\/wp\/v2\/news\/33589\/revisions\/33590"}],"wp:featuredmedia":[{"embeddable":true,"href":"https:\/\/www.channelafrica.co.za\/channelafrica\/wp-json\/wp\/v2\/media\/14342"}],"wp:attachment":[{"href":"https:\/\/www.channelafrica.co.za\/channelafrica\/wp-json\/wp\/v2\/media?parent=33589"}],"wp:term":[{"taxonomy":"news-type","embeddable":true,"href":"https:\/\/www.channelafrica.co.za\/channelafrica\/wp-json\/wp\/v2\/news-type?post=33589"}],"curies":[{"name":"wp","href":"https:\/\/api.w.org\/{rel}","templated":true}]}}