{"id":37759,"date":"2026-06-22T18:30:59","date_gmt":"2026-06-22T16:30:59","guid":{"rendered":"https:\/\/www.channelafrica.co.za\/channelafrica\/?post_type=news&#038;p=37759"},"modified":"2026-06-22T18:31:55","modified_gmt":"2026-06-22T16:31:55","slug":"imf-ready-to-help-africa-weather-middle-east-shock","status":"publish","type":"news","link":"https:\/\/www.channelafrica.co.za\/channelafrica\/news\/imf-ready-to-help-africa-weather-middle-east-shock\/","title":{"rendered":"IMF ready to help Africa weather Middle East shock"},"content":{"rendered":"<p>The International Monetary Fund&#8217;s (IMF) new Africa Chief, Zeine Zeidane, said that conflict in the Middle East has created difficulties for sub-Saharan Africa but reaffirmed the fund&#8217;s \u200ccommitment to aiding nations under economic strain.<\/p>\n<p>&nbsp;<\/p>\n<p>Zeidane, who assumed his role as Director of the IMF&#8217;s African Department on May 1, oversees operations and engagement with 45 countries across the region.<\/p>\n<p>&nbsp;<\/p>\n<p>&#8220;My immediate priority is really to help countries in the region to weather this shock,&#8221; Zeidane said \u2060at a media briefing.<\/p>\n<p>&nbsp;<\/p>\n<p>The IMF has already reached staff-level agreements to provide augmented financing in response to the conflict&#8217;s effects for Burkina Faso, The Gambia and S\u00e3o Tom\u00e9 and Pr\u00edncipe.<\/p>\n<p>&nbsp;<\/p>\n<p>For Ethiopia, which has a large IMF programme in place, Zeidane said the fund accelerated about $200 million in financing.<\/p>\n<p>&nbsp;<\/p>\n<p>Zeidane warned that disruptions linked to the Middle East conflict could take months to resolve, noting that a ceasefire was already in place but that Gulf nations had indicated \u200cit \u2060typically takes six to seven months for production and exports to resume fully.<\/p>\n<p>&nbsp;<\/p>\n<p>He added that the Middle East&#8217;s role as a significant exporter of fertilisers would have far-reaching implications for Africa&#8217;s food security and production costs.<\/p>\n<p>&nbsp;<\/p>\n<p>Despite immediate challenges, Zeidane expressed optimism over \u2060sub-Saharan Africa&#8217;s long-term prospects, noting that prior to the current crisis, the region was among the fastest-growing globally and had made strides in fiscal consolidation.<\/p>\n<p>&nbsp;<\/p>\n<p>&#8220;The future, the next \u2060growth engine for the world, will be Africa,&#8221; he said. &#8220;We need to support Africa to unlock its potential.&#8221;<\/p>\n<p>&nbsp;<\/p>\n<p>Zeidane, who began his IMF career in 2012, \u2060previously served as Mauritania&#8217;s prime minister, central bank governor and economic adviser to the president. He succeeded Abebe Aemro Selassie, who retired from the IMF in May.<\/p>\n<p>&nbsp;<\/p>\n<p>&#8211;Reuters&#8211;<\/p>\n","protected":false},"featured_media":16272,"template":"","meta":{"_acf_changed":false,"_links_to":"","_links_to_target":""},"news-type":[44],"class_list":["post-37759","news","type-news","status-publish","has-post-thumbnail","hentry","news-type-finance","entry"],"acf":{"short_description":"IMF reaffirmed commitment to aiding African nations under economic strain","published_date":"2026-06-22 18:30:14","news_description":"IMF reaffirmed commitment to aiding African nations under economic strain","form_embed":"","author":"","image_caption":""},"_links":{"self":[{"href":"https:\/\/www.channelafrica.co.za\/channelafrica\/wp-json\/wp\/v2\/news\/37759","targetHints":{"allow":["GET"]}}],"collection":[{"href":"https:\/\/www.channelafrica.co.za\/channelafrica\/wp-json\/wp\/v2\/news"}],"about":[{"href":"https:\/\/www.channelafrica.co.za\/channelafrica\/wp-json\/wp\/v2\/types\/news"}],"version-history":[{"count":1,"href":"https:\/\/www.channelafrica.co.za\/channelafrica\/wp-json\/wp\/v2\/news\/37759\/revisions"}],"predecessor-version":[{"id":37760,"href":"https:\/\/www.channelafrica.co.za\/channelafrica\/wp-json\/wp\/v2\/news\/37759\/revisions\/37760"}],"wp:featuredmedia":[{"embeddable":true,"href":"https:\/\/www.channelafrica.co.za\/channelafrica\/wp-json\/wp\/v2\/media\/16272"}],"wp:attachment":[{"href":"https:\/\/www.channelafrica.co.za\/channelafrica\/wp-json\/wp\/v2\/media?parent=37759"}],"wp:term":[{"taxonomy":"news-type","embeddable":true,"href":"https:\/\/www.channelafrica.co.za\/channelafrica\/wp-json\/wp\/v2\/news-type?post=37759"}],"curies":[{"name":"wp","href":"https:\/\/api.w.org\/{rel}","templated":true}]}}