{"id":44677,"date":"2026-09-05T08:45:17","date_gmt":"2026-09-05T06:45:17","guid":{"rendered":"https:\/\/www.channelafrica.co.za\/channelafrica\/?post_type=news&#038;p=44677"},"modified":"2026-09-05T08:45:17","modified_gmt":"2026-09-05T06:45:17","slug":"sao-tome-and-principe-president-begins-second-term","status":"publish","type":"news","link":"https:\/\/www.channelafrica.co.za\/channelafrica\/news\/sao-tome-and-principe-president-begins-second-term\/","title":{"rendered":"S\u00e3o Tom\u00e9 and Pr\u00edncipe President begins second term"},"content":{"rendered":"<p>President Carlos Vila Nova has officially begun a second term as head of state in the Central African island nation of S\u00e3o Tom\u00e9 and Pr\u00edncipe, following an election campaign that operated on a budget of roughly half a million Euros.<\/p>\n<p>&nbsp;<\/p>\n<p>Campaign Director Posik Esp\u00edrito Santo confirmed that the funding was raised entirely through private individual donations and the president&#8217;s personal funds. Detailed financial statements have already been submitted to the Constitutional Court within the required legal timeframe for formal audit and approval.<\/p>\n<p>&nbsp;<\/p>\n<p>Luso-S\u00e3o Tom\u00e9an political analyst Celso Soares noted that this commitment to transparent financial reporting comes at a critical moment for the nation. Vila Nova faces substantial political and economic challenges in his second term, particularly as S\u00e3o Tom\u00e9 and Pr\u00edncipe prepares for upcoming legislative and municipal elections scheduled for September 27.<\/p>\n<p>&nbsp;<\/p>\n<p>&nbsp;<\/p>\n<p>&#8211;ChannelAfrica&#8211;<\/p>\n","protected":false},"featured_media":34688,"template":"","meta":{"_acf_changed":false,"_links_to":"","_links_to_target":""},"news-type":[78,26],"class_list":["post-44677","news","type-news","status-publish","has-post-thumbnail","hentry","news-type-featured","news-type-general_news","entry"],"acf":{"short_description":"S\u00e3o Tom\u00e9 and Pr\u00edncipe President sworn in for second term","published_date":"2026-09-05 08:06:50","news_description":"S\u00e3o Tom\u00e9 and Pr\u00edncipe President sworn in for second term","form_embed":"","author":"","image_caption":""},"_links":{"self":[{"href":"https:\/\/www.channelafrica.co.za\/channelafrica\/wp-json\/wp\/v2\/news\/44677","targetHints":{"allow":["GET"]}}],"collection":[{"href":"https:\/\/www.channelafrica.co.za\/channelafrica\/wp-json\/wp\/v2\/news"}],"about":[{"href":"https:\/\/www.channelafrica.co.za\/channelafrica\/wp-json\/wp\/v2\/types\/news"}],"version-history":[{"count":1,"href":"https:\/\/www.channelafrica.co.za\/channelafrica\/wp-json\/wp\/v2\/news\/44677\/revisions"}],"predecessor-version":[{"id":44678,"href":"https:\/\/www.channelafrica.co.za\/channelafrica\/wp-json\/wp\/v2\/news\/44677\/revisions\/44678"}],"wp:featuredmedia":[{"embeddable":true,"href":"https:\/\/www.channelafrica.co.za\/channelafrica\/wp-json\/wp\/v2\/media\/34688"}],"wp:attachment":[{"href":"https:\/\/www.channelafrica.co.za\/channelafrica\/wp-json\/wp\/v2\/media?parent=44677"}],"wp:term":[{"taxonomy":"news-type","embeddable":true,"href":"https:\/\/www.channelafrica.co.za\/channelafrica\/wp-json\/wp\/v2\/news-type?post=44677"}],"curies":[{"name":"wp","href":"https:\/\/api.w.org\/{rel}","templated":true}]}}